{"id":1549,"date":"2020-12-18T10:57:45","date_gmt":"2020-12-18T09:57:45","guid":{"rendered":"https:\/\/www.mill-darx.com\/?p=1549"},"modified":"2020-12-18T10:59:15","modified_gmt":"2020-12-18T09:59:15","slug":"nationalgestuet-von-cluny","status":"publish","type":"post","link":"https:\/\/www.mill-darx.com\/de\/unkategorisiert\/nationalgestuet-von-cluny\/","title":{"rendered":"Nationalgest\u00fct von Cluny"},"content":{"rendered":"<div  style='padding-bottom:10px; ' class='av-special-heading av-special-heading-h1  blockquote modern-quote  avia-builder-el-0  el_before_av_image  avia-builder-el-first  '><h1 class='av-special-heading-tag '  itemprop=\"headline\"  >Nationalgest\u00fct von Cluny<\/h1><div class='special-heading-border'><div class='special-heading-inner-border' ><\/div><\/div><\/div>\n<div  class='avia-image-container  av-styling-    avia-builder-el-1  el_after_av_heading  el_before_av_textblock  avia-align-center '  itemprop=\"image\" itemscope=\"itemscope\" itemtype=\"https:\/\/schema.org\/ImageObject\"  ><div class='avia-image-container-inner'><div class='avia-image-overlay-wrap'><img decoding=\"async\" class='wp-image-1553 avia-img-lazy-loading-not-1553 avia_image' src=\"https:\/\/www.mill-darx.com\/wp-content\/uploads\/2020\/12\/haras-cluny-1210x423.jpg\" alt='' title='haras-cluny' height=\"423\" width=\"1210\"  itemprop=\"thumbnailUrl\"  \/><\/div><\/div><\/div>\n<section class=\"av_textblock_section \"  itemscope=\"itemscope\" itemtype=\"https:\/\/schema.org\/BlogPosting\" itemprop=\"blogPost\" ><div class='avia_textblock  '   itemprop=\"text\" ><h2>Grschichte<\/h2>\n<blockquote>\n<p>Visitez le haras national de Cluny. Un v\u00e9ritable lieu d\u00e9di\u00e9 au cheval depuis l\u2019empire napol\u00e9onien, le Haras national de Cluny est situ\u00e9 au pied de la c\u00e9l\u00e8bre abbaye de Cluny \u00e0 seulement 5 minutes de nos chambres d&#8217;h\u00f4tes et 20 minutes de la belle cit\u00e9 de M\u00e2con.<\/p>\n<\/blockquote>\n<p>Plus de 200 ans d\u2019histoire \u00e9questre ont forg\u00e9 une identit\u00e9 \u00e0 ce haut-lieu du patrimoine. Les \u00e9curies datant du d\u00e9but du 19\u00e8me si\u00e8cle sont remarquables. Totalement int\u00e9gr\u00e9es dans un parc arbor\u00e9 au coeur de la ville de Cluny. <strong>Cluny une ville d&#8217;art et d&#8217;histoire.<\/strong><\/p>\n<p>Depuis leur cr\u00e9ation, les haras royaux, imp\u00e9riaux, puis nationaux, ont eu pour principale mission d&#8217;assurer la reproduction.<\/p>\n<p>Aujourd&#8217;hui, le Haras National de Cluny d\u00e9veloppe des activit\u00e9s culturelles permettant de promouvoir la fili\u00e8re \u00e9quine. En collaboration avec les socio-professionnels de la fili\u00e8re et les collectivit\u00e9s locales et r\u00e9gionales, des projets sont \u00e9galement mis en place, toujours dans un objectif de valorisation et de professionnalisation de la fili\u00e8re \u00e9quine.<\/p>\n<ul>\n<li>Laissez-vous tenter par une des nombreux spectacles propos\u00e9s au haras.<\/li>\n<li>Profitez des visites quotidiennes et autres animations pour d\u00e9couvrir l&#8217;univers du cheval et l&#8217;histoire du haras de Cluny.<\/li>\n<\/ul>\n<\/div><\/section>\n","protected":false},"excerpt":{"rendered":"<p>Visitez le haras national de Cluny. Un v\u00e9ritable lieu d\u00e9di\u00e9 au cheval depuis l\u2019empire napol\u00e9onien, le Haras national de Cluny est situ\u00e9 au pied de la c\u00e9l\u00e8bre abbaye de Cluny \u00e0 seulement 5 minutes de nos chambres d&#8217;h\u00f4tes et 20 minutes de la belle cit\u00e9 de M\u00e2con.<\/p>\n","protected":false},"author":2,"featured_media":1506,"comment_status":"closed","ping_status":"closed","sticky":false,"template":"","format":"standard","meta":{"footnotes":""},"categories":[15],"tags":[],"class_list":["post-1549","post","type-post","status-publish","format-standard","has-post-thumbnail","hentry","category-unkategorisiert"],"yoast_head":"<!-- This site is optimized with the Yoast SEO plugin v19.10 - https:\/\/yoast.com\/wordpress\/plugins\/seo\/ -->\n<title>Nationalgest\u00fct von Cluny - Mill d&#039;Arx<\/title>\n<meta name=\"robots\" content=\"index, follow, max-snippet:-1, max-image-preview:large, max-video-preview:-1\" \/>\n<link rel=\"canonical\" href=\"https:\/\/www.mill-darx.com\/de\/unkategorisiert\/nationalgestuet-von-cluny\/\" \/>\n<meta property=\"og:locale\" content=\"de_DE\" \/>\n<meta property=\"og:type\" content=\"article\" \/>\n<meta property=\"og:title\" content=\"Nationalgest\u00fct von Cluny - Mill d&#039;Arx\" \/>\n<meta property=\"og:description\" content=\"Visitez le haras national de Cluny. Un v\u00e9ritable lieu d\u00e9di\u00e9 au cheval depuis l\u2019empire napol\u00e9onien, le Haras national de Cluny est situ\u00e9 au pied de la c\u00e9l\u00e8bre abbaye de Cluny \u00e0 seulement 5 minutes de nos chambres d&#039;h\u00f4tes et 20 minutes de la belle cit\u00e9 de M\u00e2con.\" \/>\n<meta property=\"og:url\" content=\"https:\/\/www.mill-darx.com\/de\/unkategorisiert\/nationalgestuet-von-cluny\/\" \/>\n<meta property=\"og:site_name\" content=\"Mill d&#039;Arx\" \/>\n<meta property=\"article:published_time\" content=\"2020-12-18T09:57:45+00:00\" \/>\n<meta property=\"article:modified_time\" content=\"2020-12-18T09:59:15+00:00\" \/>\n<meta property=\"og:image\" content=\"https:\/\/www.mill-darx.com\/wp-content\/uploads\/2020\/12\/20200409_171606-1030x773.jpg\" \/>\n\t<meta property=\"og:image:width\" content=\"1030\" \/>\n\t<meta property=\"og:image:height\" content=\"773\" \/>\n\t<meta property=\"og:image:type\" content=\"image\/jpeg\" \/>\n<meta name=\"author\" content=\"Christa Muller\" \/>\n<meta name=\"twitter:card\" content=\"summary_large_image\" \/>\n<meta name=\"twitter:label1\" content=\"Verfasst von\" \/>\n\t<meta name=\"twitter:data1\" content=\"Christa Muller\" \/>\n\t<meta name=\"twitter:label2\" content=\"Gesch\u00e4tzte Lesezeit\" \/>\n\t<meta name=\"twitter:data2\" content=\"2\u00a0Minuten\" \/>\n<script type=\"application\/ld+json\" class=\"yoast-schema-graph\">{\"@context\":\"https:\/\/schema.org\",\"@graph\":[{\"@type\":\"WebPage\",\"@id\":\"https:\/\/www.mill-darx.com\/de\/unkategorisiert\/nationalgestuet-von-cluny\/\",\"url\":\"https:\/\/www.mill-darx.com\/de\/unkategorisiert\/nationalgestuet-von-cluny\/\",\"name\":\"Nationalgest\u00fct von Cluny - Mill d&#039;Arx\",\"isPartOf\":{\"@id\":\"https:\/\/www.mill-darx.com\/de\/#website\"},\"datePublished\":\"2020-12-18T09:57:45+00:00\",\"dateModified\":\"2020-12-18T09:59:15+00:00\",\"author\":{\"@id\":\"https:\/\/www.mill-darx.com\/de\/#\/schema\/person\/8db6260ba81a3b78dd30cd5d7488f6f1\"},\"breadcrumb\":{\"@id\":\"https:\/\/www.mill-darx.com\/de\/unkategorisiert\/nationalgestuet-von-cluny\/#breadcrumb\"},\"inLanguage\":\"de\",\"potentialAction\":[{\"@type\":\"ReadAction\",\"target\":[\"https:\/\/www.mill-darx.com\/de\/unkategorisiert\/nationalgestuet-von-cluny\/\"]}]},{\"@type\":\"BreadcrumbList\",\"@id\":\"https:\/\/www.mill-darx.com\/de\/unkategorisiert\/nationalgestuet-von-cluny\/#breadcrumb\",\"itemListElement\":[{\"@type\":\"ListItem\",\"position\":1,\"name\":\"Accueil\",\"item\":\"https:\/\/www.mill-darx.com\/de\/zuhause\/\"},{\"@type\":\"ListItem\",\"position\":2,\"name\":\"Nationalgest\u00fct von Cluny\"}]},{\"@type\":\"WebSite\",\"@id\":\"https:\/\/www.mill-darx.com\/de\/#website\",\"url\":\"https:\/\/www.mill-darx.com\/de\/\",\"name\":\"Mill d&#039;Arx\",\"description\":\"Chambres d&#039;h\u00f4tes de charme\",\"potentialAction\":[{\"@type\":\"SearchAction\",\"target\":{\"@type\":\"EntryPoint\",\"urlTemplate\":\"https:\/\/www.mill-darx.com\/de\/?s={search_term_string}\"},\"query-input\":\"required name=search_term_string\"}],\"inLanguage\":\"de\"},{\"@type\":\"Person\",\"@id\":\"https:\/\/www.mill-darx.com\/de\/#\/schema\/person\/8db6260ba81a3b78dd30cd5d7488f6f1\",\"name\":\"Christa Muller\",\"image\":{\"@type\":\"ImageObject\",\"inLanguage\":\"de\",\"@id\":\"https:\/\/www.mill-darx.com\/de\/#\/schema\/person\/image\/\",\"url\":\"https:\/\/secure.gravatar.com\/avatar\/c74edca259ee7b29ac5fa98f120d1028742bdc28db0a1e19bcde610d561fcb12?s=96&d=mm&r=g\",\"contentUrl\":\"https:\/\/secure.gravatar.com\/avatar\/c74edca259ee7b29ac5fa98f120d1028742bdc28db0a1e19bcde610d561fcb12?s=96&d=mm&r=g\",\"caption\":\"Christa Muller\"},\"url\":\"https:\/\/www.mill-darx.com\/de\/author\/user_milldarx_98757\/\"}]}<\/script>\n<!-- \/ Yoast SEO plugin. -->","yoast_head_json":{"title":"Nationalgest\u00fct von Cluny - Mill d&#039;Arx","robots":{"index":"index","follow":"follow","max-snippet":"max-snippet:-1","max-image-preview":"max-image-preview:large","max-video-preview":"max-video-preview:-1"},"canonical":"https:\/\/www.mill-darx.com\/de\/unkategorisiert\/nationalgestuet-von-cluny\/","og_locale":"de_DE","og_type":"article","og_title":"Nationalgest\u00fct von Cluny - Mill d&#039;Arx","og_description":"Visitez le haras national de Cluny. Un v\u00e9ritable lieu d\u00e9di\u00e9 au cheval depuis l\u2019empire napol\u00e9onien, le Haras national de Cluny est situ\u00e9 au pied de la c\u00e9l\u00e8bre abbaye de Cluny \u00e0 seulement 5 minutes de nos chambres d'h\u00f4tes et 20 minutes de la belle cit\u00e9 de M\u00e2con.","og_url":"https:\/\/www.mill-darx.com\/de\/unkategorisiert\/nationalgestuet-von-cluny\/","og_site_name":"Mill d&#039;Arx","article_published_time":"2020-12-18T09:57:45+00:00","article_modified_time":"2020-12-18T09:59:15+00:00","og_image":[{"width":1030,"height":773,"url":"https:\/\/www.mill-darx.com\/wp-content\/uploads\/2020\/12\/20200409_171606-1030x773.jpg","type":"image\/jpeg"}],"author":"Christa Muller","twitter_card":"summary_large_image","twitter_misc":{"Verfasst von":"Christa Muller","Gesch\u00e4tzte Lesezeit":"2\u00a0Minuten"},"schema":{"@context":"https:\/\/schema.org","@graph":[{"@type":"WebPage","@id":"https:\/\/www.mill-darx.com\/de\/unkategorisiert\/nationalgestuet-von-cluny\/","url":"https:\/\/www.mill-darx.com\/de\/unkategorisiert\/nationalgestuet-von-cluny\/","name":"Nationalgest\u00fct von Cluny - Mill d&#039;Arx","isPartOf":{"@id":"https:\/\/www.mill-darx.com\/de\/#website"},"datePublished":"2020-12-18T09:57:45+00:00","dateModified":"2020-12-18T09:59:15+00:00","author":{"@id":"https:\/\/www.mill-darx.com\/de\/#\/schema\/person\/8db6260ba81a3b78dd30cd5d7488f6f1"},"breadcrumb":{"@id":"https:\/\/www.mill-darx.com\/de\/unkategorisiert\/nationalgestuet-von-cluny\/#breadcrumb"},"inLanguage":"de","potentialAction":[{"@type":"ReadAction","target":["https:\/\/www.mill-darx.com\/de\/unkategorisiert\/nationalgestuet-von-cluny\/"]}]},{"@type":"BreadcrumbList","@id":"https:\/\/www.mill-darx.com\/de\/unkategorisiert\/nationalgestuet-von-cluny\/#breadcrumb","itemListElement":[{"@type":"ListItem","position":1,"name":"Accueil","item":"https:\/\/www.mill-darx.com\/de\/zuhause\/"},{"@type":"ListItem","position":2,"name":"Nationalgest\u00fct von Cluny"}]},{"@type":"WebSite","@id":"https:\/\/www.mill-darx.com\/de\/#website","url":"https:\/\/www.mill-darx.com\/de\/","name":"Mill d&#039;Arx","description":"Chambres d&#039;h\u00f4tes de charme","potentialAction":[{"@type":"SearchAction","target":{"@type":"EntryPoint","urlTemplate":"https:\/\/www.mill-darx.com\/de\/?s={search_term_string}"},"query-input":"required name=search_term_string"}],"inLanguage":"de"},{"@type":"Person","@id":"https:\/\/www.mill-darx.com\/de\/#\/schema\/person\/8db6260ba81a3b78dd30cd5d7488f6f1","name":"Christa Muller","image":{"@type":"ImageObject","inLanguage":"de","@id":"https:\/\/www.mill-darx.com\/de\/#\/schema\/person\/image\/","url":"https:\/\/secure.gravatar.com\/avatar\/c74edca259ee7b29ac5fa98f120d1028742bdc28db0a1e19bcde610d561fcb12?s=96&d=mm&r=g","contentUrl":"https:\/\/secure.gravatar.com\/avatar\/c74edca259ee7b29ac5fa98f120d1028742bdc28db0a1e19bcde610d561fcb12?s=96&d=mm&r=g","caption":"Christa Muller"},"url":"https:\/\/www.mill-darx.com\/de\/author\/user_milldarx_98757\/"}]}},"_links":{"self":[{"href":"https:\/\/www.mill-darx.com\/de\/wp-json\/wp\/v2\/posts\/1549","targetHints":{"allow":["GET"]}}],"collection":[{"href":"https:\/\/www.mill-darx.com\/de\/wp-json\/wp\/v2\/posts"}],"about":[{"href":"https:\/\/www.mill-darx.com\/de\/wp-json\/wp\/v2\/types\/post"}],"author":[{"embeddable":true,"href":"https:\/\/www.mill-darx.com\/de\/wp-json\/wp\/v2\/users\/2"}],"replies":[{"embeddable":true,"href":"https:\/\/www.mill-darx.com\/de\/wp-json\/wp\/v2\/comments?post=1549"}],"version-history":[{"count":3,"href":"https:\/\/www.mill-darx.com\/de\/wp-json\/wp\/v2\/posts\/1549\/revisions"}],"predecessor-version":[{"id":1555,"href":"https:\/\/www.mill-darx.com\/de\/wp-json\/wp\/v2\/posts\/1549\/revisions\/1555"}],"wp:featuredmedia":[{"embeddable":true,"href":"https:\/\/www.mill-darx.com\/de\/wp-json\/wp\/v2\/media\/1506"}],"wp:attachment":[{"href":"https:\/\/www.mill-darx.com\/de\/wp-json\/wp\/v2\/media?parent=1549"}],"wp:term":[{"taxonomy":"category","embeddable":true,"href":"https:\/\/www.mill-darx.com\/de\/wp-json\/wp\/v2\/categories?post=1549"},{"taxonomy":"post_tag","embeddable":true,"href":"https:\/\/www.mill-darx.com\/de\/wp-json\/wp\/v2\/tags?post=1549"}],"curies":[{"name":"wp","href":"https:\/\/api.w.org\/{rel}","templated":true}]}}